{"id":3988,"date":"2019-10-25T11:14:14","date_gmt":"2019-10-25T11:14:14","guid":{"rendered":"https:\/\/www.marjoya.com\/blog\/?p=3988"},"modified":"2024-09-16T14:14:39","modified_gmt":"2024-09-16T14:14:39","slug":"no-te-equivoques-con-la-medida-de-tu-collar","status":"publish","type":"post","link":"https:\/\/www.marjoya.com\/blog\/2019\/10\/25\/no-te-equivoques-con-la-medida-de-tu-collar\/","title":{"rendered":"No te equivoques con la medida de tu collar"},"content":{"rendered":"<div class=\"NewArticle-wrap choose-chain-wrap\">\n<div class=\"NewArticle\">\n<div class=\"et_post_meta_wrapper\" style=\"text-align: justify;\">\n<h1 class=\"entry-title\" style=\"text-align: justify;\"><\/h1>\n<p>Hoy voy a intentar ayudaros a la hora de elegir correctamente la medida de vuestra cadena o collar.<\/p>\n<p><a href=\"https:\/\/www.marjoya.com\/\">MARJOYA<\/a>, te trae unos consejos para elegir bien. Algo as\u00ed parece f\u00e1cil, pero cu\u00e1ntas veces nos ha pasado que, llega nuestro pedido y cuando nos lo probamos no es lo que hab\u00edamos pensado, o simplemente no nos favorece.<\/p>\n<\/div>\n<div class=\"et_post_meta_wrapper\" style=\"text-align: justify;\"><\/div>\n<div class=\"et_post_meta_wrapper\" style=\"text-align: justify;\">\n<h1 class=\"entry-title\"><img decoding=\"async\" class=\"aligncenter\" src=\"http:\/\/www.ugfsoftballcamps.com\/images\/product\/953758_20221.jpg\" alt=\"Resultado de imagen de MUJER CON COLLAR\" \/><\/h1>\n<p style=\"text-align: justify;\">Elegir la medida correcta de nuestra cadena o collar no es tan sencillo. Con este post\u00a0<strong>tu \u00e9xito estar\u00e1 asegurado.<\/strong><\/p>\n<p style=\"text-align: justify;\">No solo tenemos que fijarnos en lo que m\u00e1s nos gusta sino en la <strong>medida que nos\u00a0sienta mejor<\/strong> y en que situaci\u00f3n voy a llevar la pieza elegida. Nadie se pone botas\u00a0de\u00a0nieve para ir a la playa, por muy bien que le queden.\u00a0Este caso es igual: hay collares para\u00a0un uso diario y los hay para esas ocasiones especiales.<\/p>\n<p style=\"text-align: justify;\"><img loading=\"lazy\" decoding=\"async\" class=\"\" src=\"https:\/\/img.buzzfeed.com\/buzzfeed-static\/static\/2016-07\/5\/7\/asset\/buzzfeed-prod-fastlane03\/anigif_sub-buzz-21164-1467717177-4.gif?downsize=700:*&amp;output-format=auto&amp;output-quality=auto\" alt=\"Resultado de imagen de demasiadas joyas puestas\" width=\"596\" height=\"298\" \/><\/p>\n<p style=\"text-align: justify;\">Para empezar,\u00a0existen varias medidas habituales de cadenas, y en funci\u00f3n de su longitud se sit\u00faan en un lugar u otro del cuello y escote.<\/p>\n<p style=\"text-align: justify;\">Esta imagen te servir\u00e1 de nuestra\u00a0de c\u00f3mo quedar\u00eda un collar en una\u00a0mujer de complexi\u00f3n normal. Para mujeres mas delgadas, quedar\u00e1n un poco m\u00e1s largas y para mujeres m\u00e1s gruesas, un poco m\u00e1s cortas.<\/p>\n<p style=\"text-align: justify;\"><a href=\"https:\/\/www.marjoya.com\/blog\/wp-content\/uploads\/2019\/10\/cadenas-51.jpg\"><img loading=\"lazy\" decoding=\"async\" class=\"alignnone wp-image-4014\" src=\"https:\/\/www.marjoya.com\/blog\/wp-content\/uploads\/2019\/10\/cadenas-51-300x200.jpg\" alt=\"cadenas---5\" width=\"596\" height=\"405\" \/><\/a><\/p>\n<h1 style=\"text-align: justify;\"><em><strong>\u00bfCU\u00c1LES SON LAS MEDIDAS DE CADENAS Y COLLARES??????<\/strong><\/em><\/h1>\n<h2 style=\"text-align: justify;\">40 CM (16 PULGADAS)<\/h2>\n<p style=\"text-align: justify;\">Ideal para un colgante de ni\u00f1a. En una mujer adulta de complexi\u00f3n fina, se ajusta a la base cuello, y para mujeres robustas no es recomendable ya que resultar\u00e1 inc\u00f3moda.<\/p>\n<h3 style=\"text-align: justify;\"><strong>45 CM (18 PULGADAS)<\/strong><\/h3>\n<p style=\"text-align: justify;\">Es una de las opciones m\u00e1s comunes, quedando a la altura de la clav\u00edcula o un poco por debajo. Sienta bien a la mayor\u00eda de las mujeres.<\/p>\n<h3 style=\"text-align: justify;\"><strong>50 CM (20 PULGADAS)<\/strong><\/h3>\n<p style=\"text-align: justify;\">Caer\u00e1 unos cuantos cent\u00edmetros por debajo de las clav\u00edculas. Perfecto para llevar con escotes amplios o combinar con un jersey de cuello vuelto.<\/p>\n<h3 style=\"text-align: justify;\"><strong>60 CM O M\u00c1S (24 PULGADAS O M\u00c1S)<\/strong><\/h3>\n<p style=\"text-align: justify;\">Sobrepasar\u00e1 cualquier escote, cayendo sobre el pecho o por debajo de \u00e9ste. Perfecto para colgantes grandes y collares de perlas<\/p>\n<p style=\"text-align: justify;\"><img loading=\"lazy\" decoding=\"async\" class=\"size-full wp-image-389\" src=\"https:\/\/angelsalvarez.com\/wp-content\/uploads\/2017\/03\/mides.jpg\" sizes=\"(max-width: 2262px) 100vw, 2262px\" srcset=\"https:\/\/angelsalvarez.com\/wp-content\/uploads\/2017\/03\/mides.jpg 2262w, https:\/\/angelsalvarez.com\/wp-content\/uploads\/2017\/03\/mides-150x150.jpg 150w, https:\/\/angelsalvarez.com\/wp-content\/uploads\/2017\/03\/mides-300x300.jpg 300w, https:\/\/angelsalvarez.com\/wp-content\/uploads\/2017\/03\/mides-768x771.jpg 768w, https:\/\/angelsalvarez.com\/wp-content\/uploads\/2017\/03\/mides-1019x1024.jpg 1019w, https:\/\/angelsalvarez.com\/wp-content\/uploads\/2017\/03\/mides-1080x1085.jpg 1080w\" alt=\"Distintas medidas de collar y su posici\u00f3n en el cuerpo.\" width=\"2262\" height=\"2272\" \/><\/p>\n<\/div>\n<\/div>\n<\/div>\n<div class=\"entry-content\">\n<h1 style=\"text-align: justify;\"><i>\u00bfC\u00d3MO MEDIR NUESTRA CADENA O COLLAR?????<\/i><\/h1>\n<div id=\"pasos_1\" class=\"section_text\" style=\"text-align: justify;\">\n<ol class=\"steps_list_2\">\n<li id=\"step-id-00\" class=\"hasimage\">\n<div class=\"step\"><b class=\"whb\">Desabrocha la cadena y exti\u00e9ndela.<\/b>\u00a0La medida de un collar es, b\u00e1sicamente, la medida de su cadena. Si quieres medir la cadena, tendr\u00e1s que abrirla y estirarla todo lo posible. Exti\u00e9ndela sobre una mesa u otra superficie plana para que sea m\u00e1s f\u00e1cil medirla.<\/div>\n<\/li>\n<li class=\"hasimage\">\n<div class=\"step\"><b class=\"whb\">\u00a0Mide el largo con una regla o una cinta m\u00e9trica.<\/b>\u00a0Extiende la cinta m\u00e9trica de un extremo a otro de la cadena. No te olvides de incluir el broche en la medida. Hay que medir la cadena al completo, incluyendo el broche, ya que su longitud total determinar\u00e1 la altura a la que colgar\u00e1 el collar.<\/div>\n<\/li>\n<li class=\"hasimage\">\n<div class=\"step\"><b class=\"whb\">Mide el per\u00edmetro de tu cuello.<\/b>\u00a0El per\u00edmetro del cuello probablemente sea la medida m\u00e1s importante para determinar el largo ideal para tu collar. Para medirlo, coloca una cinta m\u00e9trica flexible alrededor del cuello, manteni\u00e9ndola paralela al\u00a0suelo mientras lo haces. Despu\u00e9s, suma entre 5 y 10 cm (de 2 a 4 pulgadas) al per\u00edmetro de tu cuello para calcular la longitud m\u00ednima recomendada para elegir la medida de la cadena.<\/div>\n<ul>\n<li>Si tu cuello mide entre 33 cm (13 pulgadas) y 37 cm (14,5 pulgadas), un collar de 46 cm (18 pulgadas) de longitud ser\u00e1 una buena elecci\u00f3n.<\/li>\n<li>Si tu cuello mide entre 38 cm (15 pulgadas) y 41 cm (16,5 pulgadas), un collar de 51 cm (20 pulgadas) de longitud ser\u00e1 una buena elecci\u00f3n.<\/li>\n<li>Si tu cuello mide entre 43 cm (17 pulgadas) y 47 cm (18,5 pulgadas), un collar de 56 cm (22 pulgadas) de longitud ser\u00e1 una buena elecci\u00f3n para ti<\/li>\n<li>\n<p><figure id=\"attachment_3999\" aria-describedby=\"caption-attachment-3999\" style=\"width: 558px\" class=\"wp-caption aligncenter\"><a href=\"https:\/\/www.marjoya.com\/blog\/wp-content\/uploads\/2019\/10\/cadenas-4.jpg\"><img loading=\"lazy\" decoding=\"async\" class=\"wp-image-3999\" src=\"https:\/\/www.marjoya.com\/blog\/wp-content\/uploads\/2019\/10\/cadenas-4-300x300.jpg\" alt=\"cadenas---4\" width=\"558\" height=\"558\" srcset=\"https:\/\/www.marjoya.com\/blog\/wp-content\/uploads\/2019\/10\/cadenas-4-300x300.jpg 300w, https:\/\/www.marjoya.com\/blog\/wp-content\/uploads\/2019\/10\/cadenas-4-150x150.jpg 150w, https:\/\/www.marjoya.com\/blog\/wp-content\/uploads\/2019\/10\/cadenas-4.jpg 1000w\" sizes=\"(max-width: 558px) 100vw, 558px\" \/><\/a><figcaption id=\"caption-attachment-3999\" class=\"wp-caption-text\">Marjoya te trae lo \u00faltimo de <a href=\"https:\/\/www.marjoya.com\/37-joyas-pandora\">Pandora<\/a> al mejor precio\u00a0<\/figcaption><\/figure><\/li>\n<\/ul>\n<\/li>\n<li class=\"hasimage\">\n<div class=\"clearall\"><b class=\"whb\">Recuerda que las medidas est\u00e1ndar de los collares para ni\u00f1os son diferentes.<\/b>\u00a0Los ni\u00f1os suelen ser m\u00e1s peque\u00f1os en cuanto a altura y estructura \u00f3sea, por lo que los largos est\u00e1ndar de los collares dise\u00f1ados para ellos var\u00edan con respecto a los de los adultos. La mayor\u00eda de los collares para ni\u00f1os entran en el mismo rango de longitud, de 35 a 40 cm (de 14 a 16 pulgadas)<\/div>\n<\/li>\n<li class=\"hasimage\">\n<div class=\"clearall\"><b class=\"whb\">Si quieres un collar de perlas, elige una medida entre mediana y corta.<\/b>\u00a0En la mayor\u00eda de los casos, los collares de perlas no deben ser ni muy cortos (tipo gargantilla) ni muy largos. La medida ideal debe permitir que el collar caiga justo por encima de la clav\u00edcula o por debajo del cuello de la camisa. El largo perfecto suele ser de aproximadamente 46 cm (18 pulgadas).<\/div>\n<\/li>\n<\/ol>\n<p><img loading=\"lazy\" decoding=\"async\" class=\"\" src=\"https:\/\/www.dperlas.com\/wp-content\/uploads\/2016\/09\/collar-de-perlas.png\" alt=\"Resultado de imagen de collar perlas\" width=\"588\" height=\"335\" \/><\/p>\n<\/div>\n<p style=\"text-align: justify;\">No dejes de ver nuestros<a href=\"https:\/\/www.marjoya.com\/83-collares-acero-y-bisuteria\"> collares\u00a0<\/a><\/p>\n<h1 style=\"text-align: justify;\"><em><strong>PEQUE\u00d1OS PERO GRANDES TRUQUILLOS:<\/strong><\/em><\/h1>\n<h2 style=\"text-align: justify;\"><em>ALTURA<\/em><\/h2>\n<p style=\"text-align: justify;\">Si eres una persona alta, cualquier medida te puede quedar bien aunque te recomiendo no utilizar las m\u00e1s cortas. Podr\u00edan verse exageradamente justas en tu cuerpo.<\/p>\n<p style=\"text-align: justify;\">Est\u00e1s de suerte si eres de talla mediana pues todas te pueden quedar bien.<\/p>\n<p style=\"text-align: justify;\"><img decoding=\"async\" src=\"https:\/\/www.marjoya.com\/c\/83-category_default\/collares-acero-y-bisuteria.jpg\" alt=\"83\" \/><\/p>\n<p style=\"text-align: justify;\">Y si eres m\u00e1s bien bajita, te favorecer\u00e1n las que se sit\u00faen en la clav\u00edcula o justo por debajo.<\/p>\n<h2 style=\"text-align: justify;\"><em>CUELLO<\/em><\/h2>\n<p style=\"text-align: justify;\">Las gargantillas suavizan y acortan visualmente los cuellos largos y delgados lo que te puede favorecer si este es tu tipo de cuello.<\/p>\n<p style=\"text-align: justify;\">En cambio, si tienes un cuello corto o ancho debes utilizar medidas m\u00e1s grandes (de 50 cm, por ejemplo) que lo alarguen y estilicen.<\/p>\n<p style=\"text-align: justify;\"><img decoding=\"async\" src=\"https:\/\/www.marjoya.com\/28054-thickbox_default\/collar-unode50-letra-l-cha0038col1366mtl.jpg\" alt=\"\" \/><\/p>\n<h2 style=\"text-align: justify;\"><em>TAMA\u00d1O DEL CUERPO<\/em><\/h2>\n<p style=\"text-align: justify;\">Aqu\u00ed hay que tener en cuenta, sobretodo, que si\u00a0nuestro cuerpo es voluminoso habr\u00e1 que huir de las medidas cortas. Pero si lo que tienes voluminoso es el pecho, no debes utilizar medidas de m\u00e1s de 45 cm. En ese caso el collar o colgante podr\u00eda caer en medio del escote y seguramente no te gustar\u00e1.<\/p>\n<h2 style=\"text-align: justify;\"><em>FORMA DE LA CARA<\/em><\/h2>\n<figure id=\"attachment_3991\" aria-describedby=\"caption-attachment-3991\" style=\"width: 562px\" class=\"wp-caption alignnone\"><a href=\"https:\/\/www.marjoya.com\/blog\/wp-content\/uploads\/2019\/10\/cadenas-3.jpg\"><img loading=\"lazy\" decoding=\"async\" class=\"wp-image-3991\" src=\"https:\/\/www.marjoya.com\/blog\/wp-content\/uploads\/2019\/10\/cadenas-3-300x300.jpg\" alt=\"cadenas-3\" width=\"562\" height=\"562\" srcset=\"https:\/\/www.marjoya.com\/blog\/wp-content\/uploads\/2019\/10\/cadenas-3-300x300.jpg 300w, https:\/\/www.marjoya.com\/blog\/wp-content\/uploads\/2019\/10\/cadenas-3-150x150.jpg 150w, https:\/\/www.marjoya.com\/blog\/wp-content\/uploads\/2019\/10\/cadenas-3.jpg 1000w\" sizes=\"(max-width: 562px) 100vw, 562px\" \/><\/a><figcaption id=\"caption-attachment-3991\" class=\"wp-caption-text\"><a href=\"https:\/\/www.marjoya.com\/467-joyas-pdpaola\">Collar PdPaola<\/a>\u00a0lo \u00faltimo en tendencia en joyer\u00eda<\/figcaption><\/figure>\n<\/div>\n<div class=\"entry-content\">\n<p style=\"text-align: justify;\">Cuando la cara es ovalada, todas las medidas sientan bien.<\/p>\n<p style=\"text-align: justify;\">Si la cara es redonda hay que evitar la gargantilla e intentar que el collar quede en forma de V. Eso har\u00e1 que la forma de la cara se vea mas alargada.<\/p>\n<p style=\"text-align: justify;\">Para las caras alargadas o con barbilla puntiaguda, las gargantillas son la mejor opci\u00f3n pues suaviza los rasgos.<\/p>\n<h2 style=\"text-align: justify;\"><em>ROPA<\/em><\/h2>\n<p style=\"text-align: justify;\">Es importante tener en cuenta qu\u00e9 tipo de ropa es la que m\u00e1s utilizas. O el tipo de prenda que llevar\u00e1s con el collar, si por ejemplo, lo quieres para una ocasi\u00f3n especial.\u00a0<b class=\"whb\">Cada ocasi\u00f3n es distinta\u00a0<\/b>\u00a0Las joyas deben complementar tu atuendo, y el atuendo se suele elegir en funci\u00f3n de la ocasi\u00f3n. Por lo general, los collares largos combinan con prendas de cuello alto, como los jers\u00e9is de cuello de cisne. Las cadenas m\u00e1s cortas suelen quedar mejor con atuendos formales, especialmente si el collar es suficientemente corto como para asentarse sobre el escote o el cuello de la prenda.<\/p>\n<p style=\"text-align: justify;\">Los collares muy ajustados en el cuello quedan siempre bien con las prendas escotadas o sin hombros.<\/p>\n<p style=\"text-align: justify;\">Las gargantillas\u00a0quedan bien con casi todo.<\/p>\n<p style=\"text-align: justify;\">Si lo que quieres es llevar el colgante por encima de un cuello (de camisa, blusa o jersey de cuello alto), la medida recomendada es de 50 cm en adelante.<\/p>\n<p style=\"text-align: justify;\"><em><strong>Despu\u00e9s de toda esta informaci\u00f3n, \u00a1espero que tus dudas se hayan disipado! !Sal a la calle y luce tu collar!<\/strong><\/em><\/p>\n<p>&nbsp;<\/p>\n<\/div>\n","protected":false},"excerpt":{"rendered":"<p>Hoy voy a intentar ayudaros a la hora de elegir correctamente la medida de vuestra cadena o collar. MARJOYA, te trae unos consejos para elegir bien. Algo as\u00ed parece f\u00e1cil, pero cu\u00e1ntas veces nos ha pasado que, llega nuestro pedido y cuando nos lo probamos no es lo que hab\u00edamos pensado, o simplemente no nos [&hellip;]<\/p>\n","protected":false},"author":1,"featured_media":4001,"comment_status":"open","ping_status":"open","sticky":false,"template":"","format":"standard","meta":{"footnotes":""},"categories":[1,981,181,97,413,155,150,8,935,196,86,414],"tags":[152,139,160,9,5,602,134,89,123,197,85],"class_list":["post-3988","post","type-post","status-publish","format-standard","has-post-thumbnail","hentry","category-general","category-joyas-anartxy","category-joyas-de-oro-mrjy","category-joyas-de-plata-mrjy","category-joyas-festina","category-joyas-guess","category-joyas-lotus","category-pandora","category-joyas-paul-hewitt","category-joyas-uno-de-50","category-joyas-viceroy","category-lotus-silver","tag-collar","tag-collares","tag-dia-de-la-madre","tag-joyas-pandora","tag-marjoya","tag-mujer","tag-nina","tag-nueva-coleccion","tag-regalos","tag-uno-de-50","tag-viceroy"],"aioseo_notices":[],"_links":{"self":[{"href":"https:\/\/www.marjoya.com\/blog\/wp-json\/wp\/v2\/posts\/3988"}],"collection":[{"href":"https:\/\/www.marjoya.com\/blog\/wp-json\/wp\/v2\/posts"}],"about":[{"href":"https:\/\/www.marjoya.com\/blog\/wp-json\/wp\/v2\/types\/post"}],"author":[{"embeddable":true,"href":"https:\/\/www.marjoya.com\/blog\/wp-json\/wp\/v2\/users\/1"}],"replies":[{"embeddable":true,"href":"https:\/\/www.marjoya.com\/blog\/wp-json\/wp\/v2\/comments?post=3988"}],"version-history":[{"count":25,"href":"https:\/\/www.marjoya.com\/blog\/wp-json\/wp\/v2\/posts\/3988\/revisions"}],"predecessor-version":[{"id":4590,"href":"https:\/\/www.marjoya.com\/blog\/wp-json\/wp\/v2\/posts\/3988\/revisions\/4590"}],"wp:featuredmedia":[{"embeddable":true,"href":"https:\/\/www.marjoya.com\/blog\/wp-json\/wp\/v2\/media\/4001"}],"wp:attachment":[{"href":"https:\/\/www.marjoya.com\/blog\/wp-json\/wp\/v2\/media?parent=3988"}],"wp:term":[{"taxonomy":"category","embeddable":true,"href":"https:\/\/www.marjoya.com\/blog\/wp-json\/wp\/v2\/categories?post=3988"},{"taxonomy":"post_tag","embeddable":true,"href":"https:\/\/www.marjoya.com\/blog\/wp-json\/wp\/v2\/tags?post=3988"}],"curies":[{"name":"wp","href":"https:\/\/api.w.org\/{rel}","templated":true}]}}